[{"@context":"https:\/\/schema.org\/","@type":"Article","@id":"https:\/\/www.e-certik.cz\/chranici-vrstva-textilu-od-profesionala\/#Article","mainEntityOfPage":"https:\/\/www.e-certik.cz\/chranici-vrstva-textilu-od-profesionala\/","headline":"Chr\u00e1n\u00edc\u00ed vrstva textilu od profesion\u00e1la","name":"Chr\u00e1n\u00edc\u00ed vrstva textilu od profesion\u00e1la","description":"Neho\u0159lav\u00e9 od\u011bvy v podob\u011b funk\u010dn\u00edho spodn\u00edho pr\u00e1dla i svrchn\u00edch od\u011bv\u016f vyb\u00edrejte v p\u0159ehledn\u011b uspo\u0159\u00e1dan\u00fdch kategori\u00edch, kter\u00e9 vzhledem k inspiruj\u00edc\u00edmu cenov\u00e9mu nastaven\u00ed dovoluj\u00ed \u0161irok\u00fd rozlet profesion\u00e1l\u016fm i v\u0161em dal\u0161\u00edm z\u00e1jemc\u016fm. \u0160pi\u010dkov\u00fd v\u00fdkon nejen v profesi hasi\u010de lze pod\u00e1vat jednozna\u010dn\u011b s perfektn\u00edm vybaven\u00edm. Neho\u0159lav\u00e9 od\u011bvy by jist\u011b m\u011bly b\u00fdt zahrnuty v centru pozornosti ka\u017ed\u00e9ho profesion\u00e1ln\u00edho, ale tak\u00e9 [&hellip;]","datePublished":"2024-04-01","dateModified":"2024-04-01","author":{"@type":"Person","@id":"https:\/\/www.e-certik.cz\/author\/#Person","name":"e-certik.cz","url":"https:\/\/www.e-certik.cz\/author\/","identifier":1,"image":{"@type":"ImageObject","@id":"https:\/\/secure.gravatar.com\/avatar\/40b5f3ce562f556955b189273c919e65fd2efecc17411a60d9172af88d0e5d58?s=96&d=mm&r=g","url":"https:\/\/secure.gravatar.com\/avatar\/40b5f3ce562f556955b189273c919e65fd2efecc17411a60d9172af88d0e5d58?s=96&d=mm&r=g","height":96,"width":96}},"publisher":{"@type":"Organization","name":"e-certik.cz","logo":{"@type":"ImageObject","@id":"\/logo.png","url":"\/logo.png","width":600,"height":60}},"url":"https:\/\/www.e-certik.cz\/chranici-vrstva-textilu-od-profesionala\/","wordCount":261,"articleBody":"Neho\u0159lav\u00e9 od\u011bvy v podob\u011b funk\u010dn\u00edho spodn\u00edho pr\u00e1dla i svrchn\u00edch od\u011bv\u016f vyb\u00edrejte v p\u0159ehledn\u011b uspo\u0159\u00e1dan\u00fdch kategori\u00edch, kter\u00e9 vzhledem k inspiruj\u00edc\u00edmu cenov\u00e9mu nastaven\u00ed dovoluj\u00ed \u0161irok\u00fd rozlet profesion\u00e1l\u016fm i v\u0161em dal\u0161\u00edm z\u00e1jemc\u016fm. \u0160pi\u010dkov\u00fd v\u00fdkon nejen v profesi hasi\u010de lze pod\u00e1vat jednozna\u010dn\u011b s perfektn\u00edm vybaven\u00edm. Neho\u0159lav\u00e9 od\u011bvy by jist\u011b m\u011bly b\u00fdt zahrnuty v centru pozornosti ka\u017ed\u00e9ho profesion\u00e1ln\u00edho, ale tak\u00e9 dobrovoln\u00e9ho a podnikov\u00e9ho hasi\u010de i pracovn\u00edka v pr\u016fmyslu chemie a zpracov\u00e1n\u00ed ropy. D\u00edky variabilit\u011b textili\u00ed z hlediska rozm\u011br\u016f i designu nebudete m\u00edt s v\u00fdb\u011brem v\u016fbec \u017e\u00e1dn\u00e9 probl\u00e9my.Nab\u00edz\u00edme funk\u010dn\u00ed od\u011bvy do extr\u00e9mn\u00edch situac\u00edJe tomu ji\u017e \u0159adu let, co se specializovan\u00e1 spole\u010dnost za\u010dala v\u011bnovat v\u00fdrob\u011b od\u011bv\u016f s ochrannou vrstvou. Neho\u0159lav\u00e9 od\u011bvy jsou vhodn\u00e9 pro ka\u017edodenn\u00ed pot\u0159ebu zdol\u00e1v\u00e1n\u00ed extr\u00e9mn\u00edch podm\u00ednek, na nich\u017e se pod\u00edl\u00ed ohe\u0148 a s n\u00edm souvisej\u00edc\u00ed vysok\u00e9 teploty. Ke sn\u00ed\u017een\u00ed z\u00e1t\u011b\u017ee organismu a k eliminaci rizika nebezpe\u010d\u00ed po\u0161kozen\u00ed zdrav\u00ed a \u017eivota \u010dlov\u011bka p\u0159isp\u00edv\u00e1 expertn\u00ed t\u00fdm tradi\u010dn\u00ed firmy, kter\u00e1 V\u00e1m sv\u00fdm stabiln\u00edm z\u00e1zem\u00edm, bohat\u00fdmi zku\u0161enostmi a kvalitou v\u0161ech model\u016f od spodn\u00edho pr\u00e1dla po svrchn\u00ed od\u011bvy zaru\u010duje prvot\u0159\u00eddn\u00ed servis.                                                                                                                                                                                                                                                                                                                                                                                        4.7\/5 - (4 votes)        "},{"@context":"https:\/\/schema.org\/","@type":"BreadcrumbList","itemListElement":[{"@type":"ListItem","position":1,"name":"Chr\u00e1n\u00edc\u00ed vrstva textilu od profesion\u00e1la","item":"https:\/\/www.e-certik.cz\/chranici-vrstva-textilu-od-profesionala\/#breadcrumbitem"}]}]